{"id":16547,"date":"2025-03-03T08:48:00","date_gmt":"2025-03-03T13:48:00","guid":{"rendered":"https:\/\/welchllp.com\/insights\/knowledge\/"},"modified":"2025-03-03T08:48:11","modified_gmt":"2025-03-03T13:48:11","slug":"la-fondation-communautaire-welch-sengage-a-soutenir-pendant-cinq-ans-la-campagne-de-financement-grand-don-a-la-riviere","status":"publish","type":"news","link":"https:\/\/welchllp.com\/fr\/perspectives\/savoir\/la-fondation-communautaire-welch-sengage-a-soutenir-pendant-cinq-ans-la-campagne-de-financement-grand-don-a-la-riviere\/","title":{"rendered":"La fondation communautaire Welch s\u2019engage \u00e0 soutenir pendant cinq ans la campagne de financement Grand don \u00e0 la rivi\u00e8re"},"content":{"rendered":"\n<p>La fondation communautaire Welch a le plaisir d\u2019annoncer qu\u2019elle versera 75&nbsp;000&nbsp;$ \u00e0 Garde-rivi\u00e8re des Outaouais, dans le cadre de sa campagne de financement majeure Grand don \u00e0 la rivi\u00e8re. Cette promesse de don (r\u00e9parti sur cinq ans) appuiera la mission de cet organisme vou\u00e9 \u00e0 la protection, \u00e0 la promotion et \u00e0 l\u2019am\u00e9lioration de la sant\u00e9 de la rivi\u00e8re des Outaouais et de ses affluents.<\/p>\n\n\n\n<p>\u00ab&nbsp;Il est tr\u00e8s satisfaisant de soutenir Garde-rivi\u00e8re des Outaouais et de s\u2019associer \u00e0 son mandat de protection de la rivi\u00e8re des Outaouais, a d\u00e9clar\u00e9 Jim McConnery, associ\u00e9 directeur \u00e0 Welch LLP. C\u2019est le premier engagement d\u2019importance que prend Welch en faveur d\u2019une cause environnementale; un engagement qui s\u2019inscrit dans l\u2019objectif d\u2019avoir une bonne influence sur les collectivit\u00e9s o\u00f9 le cabinet a un bureau. La passion de l\u2019\u00e9quipe de Garde-rivi\u00e8re des Outaouais pour ses activit\u00e9s vitales a aussi \u00e9t\u00e9 un facteur motivant pour donner \u00e0 cet organisme.&nbsp;\u00bb<\/p>\n\n\n\n<p>Chaque ann\u00e9e, cette contribution appuiera des programmes scientifiques et \u00e9ducatifs essentiels tels que l\u2019\u00c9cole de la rivi\u00e8re, qui propose aux jeunes des ateliers stimulants sur la sant\u00e9 des \u00e9cosyst\u00e8mes, et le Labo \u00e9ducatif de Garde-rivi\u00e8re des Outaouais, \u00e0 la Maison riveraine de la CCN, un lieu \u00e9ducatif amusant et interactif ouvert au public du printemps \u00e0 l&rsquo;automne.<\/p>\n\n\n\n<p>\u00ab\u00a0Nous avons vraiment beaucoup de reconnaissance envers Welch LLP pour son appui \u00e0 Grand don \u00e0 la rivi\u00e8re, a d\u00e9clar\u00e9 Laura Reinsborough, garde-rivi\u00e8re et directrice g\u00e9n\u00e9rale. Son don g\u00e9n\u00e9reux nous aidera \u00e0 prot\u00e9ger et \u00e0 restaurer la rivi\u00e8re des Outaouais, et \u00e0 pr\u00e9parer ainsi un avenir en sant\u00e9 aux gens et aux esp\u00e8ces sauvages. Gr\u00e2ce au don qu\u2019elle nous fait, l\u2019\u00e9quipe de Welch contribue \u00e0 rendre la rivi\u00e8re des Outaouais baignable, potable et poissonneuse pour tout le\u00a0monde.\u00a0\u00bb<\/p>\n\n\n\n<p><strong>\u00c0 propos de Garde-rivi\u00e8re des Outaouais<\/strong><\/p>\n\n\n\n<p>Garde-rivi\u00e8re des Outaouais, organisme de bienfaisance, joue le r\u00f4le de d\u00e9fenseur et de porte-parole du bassin versant de la rivi\u00e8re des Outaouais et met son leadership au service de la protection, de la promotion et de l\u2019am\u00e9lioration de sa sant\u00e9 et de son avenir \u00e9cologique. Experte et ind\u00e9pendante, notre organisation pr\u00f4ne la prise de d\u00e9cision responsable et participative, la sensibilisation du public, l\u2019acc\u00e8s \u00e0 l\u2019information et le respect des mesures de conservation en place. Guid\u00e9s par une approche scientifique, nous fournissons des informations claires dans le but d\u2019engager le public et de donner aux citoyens et aux d\u00e9cideurs les moyens de garantir une eau propre, saine et accessible \u00e0 toutes les personnes et esp\u00e8ces.<\/p>\n\n\n\n<p>Pour en savoir plus sur Garde-rivi\u00e8re des Outaouais, visitez garderivieredesoutaouais.ca.<\/p>\n\n\n\n<div class=\"wp-block-columns is-layout-flex wp-container-core-columns-is-layout-1 wp-block-columns-is-layout-flex\">\n<div class=\"wp-block-column is-layout-flow wp-block-column-is-layout-flow\" style=\"flex-basis:33.33%\">\n<figure class=\"wp-block-image size-full\"><img loading=\"lazy\" decoding=\"async\" width=\"250\" height=\"250\" src=\"https:\/\/welchllp.com\/wp-content\/uploads\/2025\/02\/Lara-Reinsborough-1.jpg\" alt=\"\" class=\"wp-image-16548\" srcset=\"https:\/\/welchllp.com\/wp-content\/uploads\/2025\/02\/Lara-Reinsborough-1.jpg 250w, https:\/\/welchllp.com\/wp-content\/uploads\/2025\/02\/Lara-Reinsborough-1-150x150.jpg 150w\" sizes=\"auto, (max-width: 250px) 100vw, 250px\" \/><\/figure>\n<\/div>\n\n\n\n<div class=\"wp-block-column is-layout-flow wp-block-column-is-layout-flow\" style=\"flex-basis:66.66%\">\n<p><strong>Laura Reinsborough<\/strong><\/p>\n\n\n\n<p><strong>Garde-rivi\u00e8re et directrice g\u00e9n\u00e9rale<\/strong> Laura a travaill\u00e9 dans des jardins, des galeries et le long des berges de rivi\u00e8res afin d&rsquo;apporter des changements environnementaux et sociaux positifs. Elle est titulaire d&rsquo;un magist\u00e8re en \u00e9tudes environnementales de l&rsquo;universit\u00e9 York, sp\u00e9cialis\u00e9 dans l&rsquo;\u00e9ducation environnementale et les arts communautaires.<br \/><br \/>\u00c0 l&rsquo;\u00e2ge de 25 ans, Laura a fond\u00e9 Not Far From The Tree \u00e0 Toronto, une initiative caritative prim\u00e9e visant \u00e0 cueillir les fruits qui poussent dans les jardins et \u00e0 les transformer en un bien public partag\u00e9. Plus tard, \u00e0 la t\u00eate de Aliments pour tous Nouveau-Brunswick, elle a mis en place un r\u00e9seau solide pour activer et amplifier la s\u00e9curit\u00e9 alimentaire. Elle est conf\u00e9renci\u00e8re TEDx, laur\u00e9ate du prix Vital People, du prix Terre de Femmes et du prix Gaia Environmental, et a \u00e9t\u00e9 nomm\u00e9e agent de changement par le Centre pour l&rsquo;innovation sociale.<br \/><br \/>Laura vit pr\u00e8s de la rivi\u00e8re des Outaouais \u00e0 Orl\u00e9ans. Originaire de Sackville, au Nouveau-Brunswick, Laura a grandi en contact \u00e9troit avec l&rsquo;eau : elle a fait du cano\u00eb sur le lac de sa cour, nag\u00e9 sur les plages du d\u00e9troit de Northumberland et gliss\u00e9 sur les vasi\u00e8res de la baie de Fundy. Elle parle quatre langues et adore faire du ski de fond. Depuis 2021, Laura porte le titre estim\u00e9 de Garde-rivi\u00e8re et directrice g\u00e9n\u00e9rale chez Garde-rivi\u00e8re des Outaouais.<\/p>\n<\/div>\n<\/div>\n\n\n\n<div class=\"wp-block-columns is-layout-flex wp-container-core-columns-is-layout-2 wp-block-columns-is-layout-flex\">\n<div class=\"wp-block-column is-layout-flow wp-block-column-is-layout-flow\" style=\"flex-basis:33.33%\">\n<figure class=\"wp-block-image size-full\"><img loading=\"lazy\" decoding=\"async\" width=\"250\" height=\"250\" src=\"https:\/\/welchllp.com\/wp-content\/uploads\/2025\/02\/Chloe-Hillier.jpg\" alt=\"\" class=\"wp-image-16546\" srcset=\"https:\/\/welchllp.com\/wp-content\/uploads\/2025\/02\/Chloe-Hillier.jpg 250w, https:\/\/welchllp.com\/wp-content\/uploads\/2025\/02\/Chloe-Hillier-150x150.jpg 150w\" sizes=\"auto, (max-width: 250px) 100vw, 250px\" \/><\/figure>\n<\/div>\n\n\n\n<div class=\"wp-block-column is-layout-flow wp-block-column-is-layout-flow\" style=\"flex-basis:66.66%\">\n<p><strong>Chloe Hillier, CFRE<\/strong><\/p>\n\n\n\n<p><strong>Directrice de la philanthropie<\/strong><\/p>\n\n\n\n<p>Chloe adore tisser des liens avec d\u2019autres adeptes de la rivi\u00e8re et inciter les gens \u00e0 unir leurs efforts pour prot\u00e9ger la magnifique et puissante rivi\u00e8re des Outaouais et son bassin versant.<br \/><br \/>En tant que collectrice de fonds, Chloe aime discuter avec les donateurs et les b\u00e9n\u00e9voles et en savoir plus sur leur attachement particulier avec l\u2019eau et les anecdotes et souvenirs qui ont forg\u00e9 leur d\u00e9sir de s\u2019impliquer dans la conservation et la d\u00e9fense de l\u2019eau.<br \/><br \/>Chlo\u00e9 est un Certified Fund Raising Executive (CFRE), un r\u00e9seau mondial de plus de 7 500 leaders dans le domaine de la collecte de fonds philanthropiques qui d\u00e9montrent leur engagement envers la confiance, l&rsquo;\u00e9thique et le professionnalisme dans la collecte de fonds.<br \/><br \/>Elle d\u00e9tient un baccalaur\u00e9at en histoire de l\u2019Universit\u00e9 Concordia et travaille dans le domaine du financement depuis plus de 15 ans. Elle a pass\u00e9 son enfance \u00e0 p\u00eacher (et \u00e0 attraper quelques grenouilles!) pr\u00e8s de la rivi\u00e8re Rideau et aime faire du camping, nager et explorer les beaux sentiers du bassin versant.<\/p>\n<\/div>\n<\/div>\n\n\n\n<p><strong>\u00c0 propos de La fondation communautaire Welch<\/strong><\/p>\n\n\n\n<p>La fondation communautaire Welch est un organisme de bienfaisance enregistr\u00e9 cr\u00e9\u00e9 par Welch LLP, un cabinet de CPA dont le si\u00e8ge social est \u00e0 Ottawa. La fondation s\u2019efforce de fournir son appui et des ressources aux organismes de bienfaisance qui se consacrent \u00e0 am\u00e9liorer les collectivit\u00e9s locales. Elle t\u00e9moigne de l\u2019engagement de Welch LLP \u00e0 soutenir les organismes de bienfaisance locaux en tirant parti de son profil, de ses ressources et de ses racines profondes dans les collectivit\u00e9s qu\u2019elle sert.<\/p>\n\n\n\n<p><a id=\"_msocom_1\"><\/a><\/p>\n","protected":false},"excerpt":{"rendered":"<p>La fondation communautaire Welch a le plaisir d\u2019annoncer qu\u2019elle versera 75\u00a0000\u00a0$ \u00e0 Garde-rivi\u00e8re des Outaouais, dans le cadre de sa campagne de financement majeure Grand don \u00e0 la rivi\u00e8re. <\/p>\n","protected":false},"featured_media":16542,"template":"","topic":[1584],"service":[],"industry":[499],"location":[473],"staff":[947],"section":[],"class_list":["post-16547","news","type-news","status-publish","has-post-thumbnail","hentry","topic-communaute","industry-not-for-profit","location-ottawa","staff-jim-mcconnery"],"yoast_head":"<!-- This site is optimized with the Yoast SEO Premium plugin v24.3 (Yoast SEO v25.8) - https:\/\/yoast.com\/wordpress\/plugins\/seo\/ -->\n<title>La fondation communautaire Welch s\u2019engage \u00e0 soutenir pendant cinq ans la campagne de financement Grand don \u00e0 la rivi\u00e8re - Welch LLP<\/title>\n<meta name=\"robots\" content=\"index, follow, max-snippet:-1, max-image-preview:large, max-video-preview:-1\" \/>\n<link rel=\"canonical\" href=\"https:\/\/welchllp.com\/fr\/perspectives\/savoir\/la-fondation-communautaire-welch-sengage-a-soutenir-pendant-cinq-ans-la-campagne-de-financement-grand-don-a-la-riviere\/\" \/>\n<meta property=\"og:locale\" content=\"fr_FR\" \/>\n<meta property=\"og:type\" content=\"article\" \/>\n<meta property=\"og:title\" content=\"La fondation communautaire Welch s\u2019engage \u00e0 soutenir pendant cinq ans la campagne de financement Grand don \u00e0 la rivi\u00e8re\" \/>\n<meta property=\"og:description\" content=\"La fondation communautaire Welch a le plaisir d\u2019annoncer qu\u2019elle versera 75\u00a0000\u00a0$ \u00e0 Garde-rivi\u00e8re des Outaouais, dans le cadre de sa campagne de financement majeure Grand don \u00e0 la rivi\u00e8re.\" \/>\n<meta property=\"og:url\" content=\"https:\/\/welchllp.com\/fr\/perspectives\/savoir\/la-fondation-communautaire-welch-sengage-a-soutenir-pendant-cinq-ans-la-campagne-de-financement-grand-don-a-la-riviere\/\" \/>\n<meta property=\"og:site_name\" content=\"Welch LLP\" \/>\n<meta property=\"article:publisher\" content=\"https:\/\/www.facebook.com\/WelchLLP\/\" \/>\n<meta property=\"article:modified_time\" content=\"2025-03-03T13:48:11+00:00\" \/>\n<meta property=\"og:image\" content=\"https:\/\/welchllp.com\/wp-content\/uploads\/2025\/02\/DSC00609-scaled.jpg\" \/>\n\t<meta property=\"og:image:width\" content=\"1980\" \/>\n\t<meta property=\"og:image:height\" content=\"1320\" \/>\n\t<meta property=\"og:image:type\" content=\"image\/jpeg\" \/>\n<meta name=\"twitter:card\" content=\"summary_large_image\" \/>\n<meta name=\"twitter:site\" content=\"@welchllp\" \/>\n<meta name=\"twitter:label1\" content=\"Dur\u00e9e de lecture estim\u00e9e\" \/>\n\t<meta name=\"twitter:data1\" content=\"5 minutes\" \/>\n<script type=\"application\/ld+json\" class=\"yoast-schema-graph\">{\"@context\":\"https:\/\/schema.org\",\"@graph\":[{\"@type\":\"WebPage\",\"@id\":\"https:\/\/welchllp.com\/fr\/perspectives\/savoir\/la-fondation-communautaire-welch-sengage-a-soutenir-pendant-cinq-ans-la-campagne-de-financement-grand-don-a-la-riviere\/\",\"url\":\"https:\/\/welchllp.com\/fr\/perspectives\/savoir\/la-fondation-communautaire-welch-sengage-a-soutenir-pendant-cinq-ans-la-campagne-de-financement-grand-don-a-la-riviere\/\",\"name\":\"La fondation communautaire Welch s\u2019engage \u00e0 soutenir pendant cinq ans la campagne de financement Grand don \u00e0 la rivi\u00e8re - Welch LLP\",\"isPartOf\":{\"@id\":\"https:\/\/welchllp.com\/fr\/#website\"},\"primaryImageOfPage\":{\"@id\":\"https:\/\/welchllp.com\/fr\/perspectives\/savoir\/la-fondation-communautaire-welch-sengage-a-soutenir-pendant-cinq-ans-la-campagne-de-financement-grand-don-a-la-riviere\/#primaryimage\"},\"image\":{\"@id\":\"https:\/\/welchllp.com\/fr\/perspectives\/savoir\/la-fondation-communautaire-welch-sengage-a-soutenir-pendant-cinq-ans-la-campagne-de-financement-grand-don-a-la-riviere\/#primaryimage\"},\"thumbnailUrl\":\"https:\/\/welchllp.com\/wp-content\/uploads\/2025\/02\/DSC00609-scaled.jpg\",\"datePublished\":\"2025-03-03T13:48:00+00:00\",\"dateModified\":\"2025-03-03T13:48:11+00:00\",\"breadcrumb\":{\"@id\":\"https:\/\/welchllp.com\/fr\/perspectives\/savoir\/la-fondation-communautaire-welch-sengage-a-soutenir-pendant-cinq-ans-la-campagne-de-financement-grand-don-a-la-riviere\/#breadcrumb\"},\"inLanguage\":\"fr-FR\",\"potentialAction\":[{\"@type\":\"ReadAction\",\"target\":[\"https:\/\/welchllp.com\/fr\/perspectives\/savoir\/la-fondation-communautaire-welch-sengage-a-soutenir-pendant-cinq-ans-la-campagne-de-financement-grand-don-a-la-riviere\/\"]}]},{\"@type\":\"ImageObject\",\"inLanguage\":\"fr-FR\",\"@id\":\"https:\/\/welchllp.com\/fr\/perspectives\/savoir\/la-fondation-communautaire-welch-sengage-a-soutenir-pendant-cinq-ans-la-campagne-de-financement-grand-don-a-la-riviere\/#primaryimage\",\"url\":\"https:\/\/welchllp.com\/wp-content\/uploads\/2025\/02\/DSC00609-scaled.jpg\",\"contentUrl\":\"https:\/\/welchllp.com\/wp-content\/uploads\/2025\/02\/DSC00609-scaled.jpg\",\"width\":1980,\"height\":1320},{\"@type\":\"BreadcrumbList\",\"@id\":\"https:\/\/welchllp.com\/fr\/perspectives\/savoir\/la-fondation-communautaire-welch-sengage-a-soutenir-pendant-cinq-ans-la-campagne-de-financement-grand-don-a-la-riviere\/#breadcrumb\",\"itemListElement\":[{\"@type\":\"ListItem\",\"position\":1,\"name\":\"Home\",\"item\":\"https:\/\/welchllp.com\/fr\/\"},{\"@type\":\"ListItem\",\"position\":2,\"name\":\"Insights\",\"item\":\"https:\/\/welchllp.com\/fr\/insights\/\"},{\"@type\":\"ListItem\",\"position\":3,\"name\":\"Knowledge\",\"item\":\"https:\/\/welchllp.com\/fr\/insights\/knowledge\/\"},{\"@type\":\"ListItem\",\"position\":4,\"name\":\"La fondation communautaire Welch s\u2019engage \u00e0 soutenir pendant cinq ans la campagne de financement Grand don \u00e0 la rivi\u00e8re\"}]},{\"@type\":\"WebSite\",\"@id\":\"https:\/\/welchllp.com\/fr\/#website\",\"url\":\"https:\/\/welchllp.com\/fr\/\",\"name\":\"Welch LLP\",\"description\":\"Chartered Professional Accountants\",\"publisher\":{\"@id\":\"https:\/\/welchllp.com\/fr\/#organization\"},\"potentialAction\":[{\"@type\":\"SearchAction\",\"target\":{\"@type\":\"EntryPoint\",\"urlTemplate\":\"https:\/\/welchllp.com\/fr\/?s={search_term_string}\"},\"query-input\":{\"@type\":\"PropertyValueSpecification\",\"valueRequired\":true,\"valueName\":\"search_term_string\"}}],\"inLanguage\":\"fr-FR\"},{\"@type\":\"Organization\",\"@id\":\"https:\/\/welchllp.com\/fr\/#organization\",\"name\":\"Welch LLP\",\"url\":\"https:\/\/welchllp.com\/fr\/\",\"logo\":{\"@type\":\"ImageObject\",\"inLanguage\":\"fr-FR\",\"@id\":\"https:\/\/welchllp.com\/fr\/#\/schema\/logo\/image\/\",\"url\":\"https:\/\/welchllp.com\/wp-content\/uploads\/2016\/02\/WelchLLP_logo.png\",\"contentUrl\":\"https:\/\/welchllp.com\/wp-content\/uploads\/2016\/02\/WelchLLP_logo.png\",\"width\":707,\"height\":187,\"caption\":\"Welch LLP\"},\"image\":{\"@id\":\"https:\/\/welchllp.com\/fr\/#\/schema\/logo\/image\/\"},\"sameAs\":[\"https:\/\/www.facebook.com\/WelchLLP\/\",\"https:\/\/x.com\/welchllp\",\"https:\/\/www.linkedin.com\/company\/welchllp\",\"https:\/\/www.instagram.com\/welch_llp\/\"]}]}<\/script>\n<!-- \/ Yoast SEO Premium plugin. -->","yoast_head_json":{"title":"La fondation communautaire Welch s\u2019engage \u00e0 soutenir pendant cinq ans la campagne de financement Grand don \u00e0 la rivi\u00e8re - Welch LLP","robots":{"index":"index","follow":"follow","max-snippet":"max-snippet:-1","max-image-preview":"max-image-preview:large","max-video-preview":"max-video-preview:-1"},"canonical":"https:\/\/welchllp.com\/fr\/perspectives\/savoir\/la-fondation-communautaire-welch-sengage-a-soutenir-pendant-cinq-ans-la-campagne-de-financement-grand-don-a-la-riviere\/","og_locale":"fr_FR","og_type":"article","og_title":"La fondation communautaire Welch s\u2019engage \u00e0 soutenir pendant cinq ans la campagne de financement Grand don \u00e0 la rivi\u00e8re","og_description":"La fondation communautaire Welch a le plaisir d\u2019annoncer qu\u2019elle versera 75\u00a0000\u00a0$ \u00e0 Garde-rivi\u00e8re des Outaouais, dans le cadre de sa campagne de financement majeure Grand don \u00e0 la rivi\u00e8re.","og_url":"https:\/\/welchllp.com\/fr\/perspectives\/savoir\/la-fondation-communautaire-welch-sengage-a-soutenir-pendant-cinq-ans-la-campagne-de-financement-grand-don-a-la-riviere\/","og_site_name":"Welch LLP","article_publisher":"https:\/\/www.facebook.com\/WelchLLP\/","article_modified_time":"2025-03-03T13:48:11+00:00","og_image":[{"width":1980,"height":1320,"url":"https:\/\/welchllp.com\/wp-content\/uploads\/2025\/02\/DSC00609-scaled.jpg","type":"image\/jpeg"}],"twitter_card":"summary_large_image","twitter_site":"@welchllp","twitter_misc":{"Dur\u00e9e de lecture estim\u00e9e":"5 minutes"},"schema":{"@context":"https:\/\/schema.org","@graph":[{"@type":"WebPage","@id":"https:\/\/welchllp.com\/fr\/perspectives\/savoir\/la-fondation-communautaire-welch-sengage-a-soutenir-pendant-cinq-ans-la-campagne-de-financement-grand-don-a-la-riviere\/","url":"https:\/\/welchllp.com\/fr\/perspectives\/savoir\/la-fondation-communautaire-welch-sengage-a-soutenir-pendant-cinq-ans-la-campagne-de-financement-grand-don-a-la-riviere\/","name":"La fondation communautaire Welch s\u2019engage \u00e0 soutenir pendant cinq ans la campagne de financement Grand don \u00e0 la rivi\u00e8re - Welch LLP","isPartOf":{"@id":"https:\/\/welchllp.com\/fr\/#website"},"primaryImageOfPage":{"@id":"https:\/\/welchllp.com\/fr\/perspectives\/savoir\/la-fondation-communautaire-welch-sengage-a-soutenir-pendant-cinq-ans-la-campagne-de-financement-grand-don-a-la-riviere\/#primaryimage"},"image":{"@id":"https:\/\/welchllp.com\/fr\/perspectives\/savoir\/la-fondation-communautaire-welch-sengage-a-soutenir-pendant-cinq-ans-la-campagne-de-financement-grand-don-a-la-riviere\/#primaryimage"},"thumbnailUrl":"https:\/\/welchllp.com\/wp-content\/uploads\/2025\/02\/DSC00609-scaled.jpg","datePublished":"2025-03-03T13:48:00+00:00","dateModified":"2025-03-03T13:48:11+00:00","breadcrumb":{"@id":"https:\/\/welchllp.com\/fr\/perspectives\/savoir\/la-fondation-communautaire-welch-sengage-a-soutenir-pendant-cinq-ans-la-campagne-de-financement-grand-don-a-la-riviere\/#breadcrumb"},"inLanguage":"fr-FR","potentialAction":[{"@type":"ReadAction","target":["https:\/\/welchllp.com\/fr\/perspectives\/savoir\/la-fondation-communautaire-welch-sengage-a-soutenir-pendant-cinq-ans-la-campagne-de-financement-grand-don-a-la-riviere\/"]}]},{"@type":"ImageObject","inLanguage":"fr-FR","@id":"https:\/\/welchllp.com\/fr\/perspectives\/savoir\/la-fondation-communautaire-welch-sengage-a-soutenir-pendant-cinq-ans-la-campagne-de-financement-grand-don-a-la-riviere\/#primaryimage","url":"https:\/\/welchllp.com\/wp-content\/uploads\/2025\/02\/DSC00609-scaled.jpg","contentUrl":"https:\/\/welchllp.com\/wp-content\/uploads\/2025\/02\/DSC00609-scaled.jpg","width":1980,"height":1320},{"@type":"BreadcrumbList","@id":"https:\/\/welchllp.com\/fr\/perspectives\/savoir\/la-fondation-communautaire-welch-sengage-a-soutenir-pendant-cinq-ans-la-campagne-de-financement-grand-don-a-la-riviere\/#breadcrumb","itemListElement":[{"@type":"ListItem","position":1,"name":"Home","item":"https:\/\/welchllp.com\/fr\/"},{"@type":"ListItem","position":2,"name":"Insights","item":"https:\/\/welchllp.com\/fr\/insights\/"},{"@type":"ListItem","position":3,"name":"Knowledge","item":"https:\/\/welchllp.com\/fr\/insights\/knowledge\/"},{"@type":"ListItem","position":4,"name":"La fondation communautaire Welch s\u2019engage \u00e0 soutenir pendant cinq ans la campagne de financement Grand don \u00e0 la rivi\u00e8re"}]},{"@type":"WebSite","@id":"https:\/\/welchllp.com\/fr\/#website","url":"https:\/\/welchllp.com\/fr\/","name":"Welch LLP","description":"Chartered Professional Accountants","publisher":{"@id":"https:\/\/welchllp.com\/fr\/#organization"},"potentialAction":[{"@type":"SearchAction","target":{"@type":"EntryPoint","urlTemplate":"https:\/\/welchllp.com\/fr\/?s={search_term_string}"},"query-input":{"@type":"PropertyValueSpecification","valueRequired":true,"valueName":"search_term_string"}}],"inLanguage":"fr-FR"},{"@type":"Organization","@id":"https:\/\/welchllp.com\/fr\/#organization","name":"Welch LLP","url":"https:\/\/welchllp.com\/fr\/","logo":{"@type":"ImageObject","inLanguage":"fr-FR","@id":"https:\/\/welchllp.com\/fr\/#\/schema\/logo\/image\/","url":"https:\/\/welchllp.com\/wp-content\/uploads\/2016\/02\/WelchLLP_logo.png","contentUrl":"https:\/\/welchllp.com\/wp-content\/uploads\/2016\/02\/WelchLLP_logo.png","width":707,"height":187,"caption":"Welch LLP"},"image":{"@id":"https:\/\/welchllp.com\/fr\/#\/schema\/logo\/image\/"},"sameAs":["https:\/\/www.facebook.com\/WelchLLP\/","https:\/\/x.com\/welchllp","https:\/\/www.linkedin.com\/company\/welchllp","https:\/\/www.instagram.com\/welch_llp\/"]}]}},"_links":{"self":[{"href":"https:\/\/welchllp.com\/fr\/wp-json\/wp\/v2\/news\/16547","targetHints":{"allow":["GET"]}}],"collection":[{"href":"https:\/\/welchllp.com\/fr\/wp-json\/wp\/v2\/news"}],"about":[{"href":"https:\/\/welchllp.com\/fr\/wp-json\/wp\/v2\/types\/news"}],"wp:featuredmedia":[{"embeddable":true,"href":"https:\/\/welchllp.com\/fr\/wp-json\/wp\/v2\/media\/16542"}],"wp:attachment":[{"href":"https:\/\/welchllp.com\/fr\/wp-json\/wp\/v2\/media?parent=16547"}],"wp:term":[{"taxonomy":"topic","embeddable":true,"href":"https:\/\/welchllp.com\/fr\/wp-json\/wp\/v2\/topic?post=16547"},{"taxonomy":"service","embeddable":true,"href":"https:\/\/welchllp.com\/fr\/wp-json\/wp\/v2\/service?post=16547"},{"taxonomy":"industry","embeddable":true,"href":"https:\/\/welchllp.com\/fr\/wp-json\/wp\/v2\/industry?post=16547"},{"taxonomy":"location","embeddable":true,"href":"https:\/\/welchllp.com\/fr\/wp-json\/wp\/v2\/location?post=16547"},{"taxonomy":"staff","embeddable":true,"href":"https:\/\/welchllp.com\/fr\/wp-json\/wp\/v2\/staff?post=16547"},{"taxonomy":"section","embeddable":true,"href":"https:\/\/welchllp.com\/fr\/wp-json\/wp\/v2\/section?post=16547"}],"curies":[{"name":"wp","href":"https:\/\/api.w.org\/{rel}","templated":true}]}}